{"id":2012,"date":"2019-08-27T16:37:03","date_gmt":"2019-08-27T14:37:03","guid":{"rendered":"https:\/\/www.invicta.fr\/?p=2012"},"modified":"2020-02-17T09:31:44","modified_gmt":"2020-02-17T08:31:44","slug":"le-design-democratique","status":"publish","type":"post","link":"https:\/\/www.invicta.fr\/fr\/2019\/08\/27\/le-design-democratique\/","title":{"rendered":"Le design d\u00e9mocratique"},"content":{"rendered":"<h1>On a tous droit au design<\/h1>\n<p><b>Pour Invicta, le design n\u2019a de sens que s\u2019il est accessible au plus grand nombre.<\/b><\/p>\n<p>Il ne doit pas \u00eatre r\u00e9serv\u00e9 \u00e0 une \u00e9lite, mais doit au contraire \u00eatre partag\u00e9 par tous.<\/p>\n<p>V\u00e9ritable pr\u00e9curseur, Invicta a revisit\u00e9 le po\u00eale \u00e0 bois, en proposant de nouvelles lignes \u00e9pur\u00e9es, qui r\u00e9pondent aux attentes des personnes d\u00e9sireuses d\u2019apporter \u00e0 leur int\u00e9rieur design et modernit\u00e9. Cette vision \u00e0 la fois design et accessible, est d\u2019ailleurs parfaitement en phase avec l\u2019\u00e9poque. Invicta s\u2019inscrit ainsi dans le courant que l\u2019on a appel\u00e9 le \u201c<strong>design d\u00e9mocratique<\/strong>\u201d.<\/p>\n<p><b>Le design d\u00e9mocratique est une d\u00e9marche qui repose sur 5 piliers :<\/b><\/p>\n<p><b>La forme<\/b><br \/>\nC\u2019est la qualit\u00e9 du trait, du dessin, qui fait du po\u00eale un objet \u00e0 l\u2019esth\u00e9tisme abouti. \u00c0 lui seul, il donne du style \u00e0 toute la maison. Le po\u00eale devient le c\u0153ur du foyer, et l\u2019\u00e9l\u00e9ment d\u00e9coratif central. C\u2019est bien-s\u00fbr le sens le plus connu du mot design.<\/p>\n<p><b>La fonction<\/b><br \/>\nLe po\u00eale Invicta est parfaitement pens\u00e9, non seulement dans sa dimension esth\u00e9tique, mais aussi dans ses fonctionnalit\u00e9s. C\u2019est ce qui va garantir sa performance, son efficacit\u00e9 et son confort d\u2019utilisation. Il est aussi parfaitement ergonomique, c\u2019est-\u00e0-dire optimis\u00e9 pour une utilisation toute naturelle.<\/p>\n<p><b>La qualit\u00e9<\/b><br \/>\nTout en restant accessibles, les po\u00eales \u00e0 bois Invicta ont un niveau de qualit\u00e9 reconnu dans le monde entier. Ils sont fabriqu\u00e9s en France, dans les Ardennes. Le niveau de qualit\u00e9 est contr\u00f4l\u00e9 pour \u00eatre parfaitement constant.<\/p>\n<p><b>La durabilit\u00e9<\/b><br \/>\nD\u00e8s sa conception, les designers Invicta int\u00e8grent la dimension durable du cycle de vie de l\u2019appareil. Le mat\u00e9riau est recyclable, et le combustible constitue la premi\u00e8re \u00e9nergie renouvelable en France. La durabilit\u00e9 fait partie int\u00e9grante du design.<\/p>\n<p><b>Le prix<\/b><br \/>\nL\u2019accessibilit\u00e9 pour le plus grand nombre est une contrainte int\u00e9gr\u00e9e d\u00e8s la conception du po\u00eale. C\u2019est bien-s\u00fbr un pilier essentiel du design d\u00e9mocratique. Accessibilit\u00e9 du prix, mais aussi proximit\u00e9 des points de vente et des installateurs.<\/p>\n<p>Ces piliers fondamentaux inspirent chaque jour nos designers, nos ing\u00e9nieurs, nos techniciens et notre recherche-d\u00e9veloppement.<\/p>\n<p><b>On a tous droit au design<\/b><\/p>\n","protected":false},"excerpt":{"rendered":"<p>On a tous droit au design Pour Invicta, le design n\u2019a de sens que s\u2019il est accessible au plus grand nombre. Il ne doit pas \u00eatre r\u00e9serv\u00e9 \u00e0 une \u00e9lite, mais doit au contraire \u00eatre partag\u00e9 par tous. V\u00e9ritable pr\u00e9curseur, Invicta a revisit\u00e9 le po\u00eale \u00e0 bois, en proposant de nouvelles lignes \u00e9pur\u00e9es, qui r\u00e9pondent [&hellip;]<\/p>\n","protected":false},"author":225,"featured_media":19605,"comment_status":"closed","ping_status":"open","sticky":false,"template":"","format":"standard","meta":{"_acf_changed":false,"footnotes":""},"categories":[100],"tags":[],"class_list":{"1":"post","5":"has-post-thumbnail"},"acf":[],"yoast_head":"<!-- This site is optimized with the Yoast SEO plugin v24.7 - https:\/\/yoast.com\/wordpress\/plugins\/seo\/ -->\n<title>Le design d\u00e9mocratique - Invicta<\/title>\n<meta name=\"description\" content=\"On a tous droit au design Pour Invicta, le design n\u2019a de sens que s\u2019il est accessible au plus grand nombre. Il ne doit pas \u00eatre r\u00e9serv\u00e9 \u00e0 une \u00e9lite, mais\" \/>\n<meta name=\"robots\" content=\"index, follow, max-snippet:-1, max-image-preview:large, max-video-preview:-1\" \/>\n<link rel=\"canonical\" href=\"https:\/\/www.invicta.fr\/fr\/2019\/08\/27\/le-design-democratique\/\" \/>\n<meta property=\"og:locale\" content=\"fr_FR\" \/>\n<meta property=\"og:type\" content=\"article\" \/>\n<meta property=\"og:title\" content=\"Le design d\u00e9mocratique - Invicta\" \/>\n<meta property=\"og:description\" content=\"On a tous droit au design Pour Invicta, le design n\u2019a de sens que s\u2019il est accessible au plus grand nombre. Il ne doit pas \u00eatre r\u00e9serv\u00e9 \u00e0 une \u00e9lite, mais\" \/>\n<meta property=\"og:url\" content=\"https:\/\/www.invicta.fr\/fr\/2019\/08\/27\/le-design-democratique\/\" \/>\n<meta property=\"og:site_name\" content=\"Invicta\" \/>\n<meta property=\"article:published_time\" content=\"2019-08-27T14:37:03+00:00\" \/>\n<meta property=\"article:modified_time\" content=\"2020-02-17T08:31:44+00:00\" \/>\n<meta property=\"og:image\" content=\"https:\/\/www.invicta.fr\/wp-content\/uploads\/2019\/09\/plugin.jpg\" \/>\n\t<meta property=\"og:image:width\" content=\"1600\" \/>\n\t<meta property=\"og:image:height\" content=\"900\" \/>\n\t<meta property=\"og:image:type\" content=\"image\/jpeg\" \/>\n<meta name=\"author\" content=\"wpaxome\" \/>\n<meta name=\"twitter:card\" content=\"summary_large_image\" \/>\n<meta name=\"twitter:label1\" content=\"\u00c9crit par\" \/>\n\t<meta name=\"twitter:data1\" content=\"wpaxome\" \/>\n\t<meta name=\"twitter:label2\" content=\"Dur\u00e9e de lecture estim\u00e9e\" \/>\n\t<meta name=\"twitter:data2\" content=\"2 minutes\" \/>\n<script type=\"application\/ld+json\" class=\"yoast-schema-graph\">{\"@context\":\"https:\/\/schema.org\",\"@graph\":[{\"@type\":\"Article\",\"@id\":\"https:\/\/www.invicta.fr\/fr\/2019\/08\/27\/le-design-democratique\/#article\",\"isPartOf\":{\"@id\":\"https:\/\/www.invicta.fr\/fr\/2019\/08\/27\/le-design-democratique\/\"},\"author\":{\"name\":\"wpaxome\",\"@id\":\"https:\/\/www.invicta.fr\/fr\/#\/schema\/person\/119046844ea476affd0fd9c352e5ab62\"},\"headline\":\"Le design d\u00e9mocratique\",\"datePublished\":\"2019-08-27T14:37:03+00:00\",\"dateModified\":\"2020-02-17T08:31:44+00:00\",\"mainEntityOfPage\":{\"@id\":\"https:\/\/www.invicta.fr\/fr\/2019\/08\/27\/le-design-democratique\/\"},\"wordCount\":387,\"publisher\":{\"@id\":\"https:\/\/www.invicta.fr\/fr\/#organization\"},\"image\":{\"@id\":\"https:\/\/www.invicta.fr\/fr\/2019\/08\/27\/le-design-democratique\/#primaryimage\"},\"thumbnailUrl\":\"https:\/\/www.invicta.fr\/wp-content\/uploads\/2019\/09\/plugin.jpg\",\"articleSection\":[\"Le Design pour tous\"],\"inLanguage\":\"fr-FR\"},{\"@type\":\"WebPage\",\"@id\":\"https:\/\/www.invicta.fr\/fr\/2019\/08\/27\/le-design-democratique\/\",\"url\":\"https:\/\/www.invicta.fr\/fr\/2019\/08\/27\/le-design-democratique\/\",\"name\":\"Le design d\u00e9mocratique - Invicta\",\"isPartOf\":{\"@id\":\"https:\/\/www.invicta.fr\/fr\/#website\"},\"primaryImageOfPage\":{\"@id\":\"https:\/\/www.invicta.fr\/fr\/2019\/08\/27\/le-design-democratique\/#primaryimage\"},\"image\":{\"@id\":\"https:\/\/www.invicta.fr\/fr\/2019\/08\/27\/le-design-democratique\/#primaryimage\"},\"thumbnailUrl\":\"https:\/\/www.invicta.fr\/wp-content\/uploads\/2019\/09\/plugin.jpg\",\"datePublished\":\"2019-08-27T14:37:03+00:00\",\"dateModified\":\"2020-02-17T08:31:44+00:00\",\"description\":\"On a tous droit au design Pour Invicta, le design n\u2019a de sens que s\u2019il est accessible au plus grand nombre. Il ne doit pas \u00eatre r\u00e9serv\u00e9 \u00e0 une \u00e9lite, mais\",\"breadcrumb\":{\"@id\":\"https:\/\/www.invicta.fr\/fr\/2019\/08\/27\/le-design-democratique\/#breadcrumb\"},\"inLanguage\":\"fr-FR\",\"potentialAction\":[{\"@type\":\"ReadAction\",\"target\":[\"https:\/\/www.invicta.fr\/fr\/2019\/08\/27\/le-design-democratique\/\"]}]},{\"@type\":\"ImageObject\",\"inLanguage\":\"fr-FR\",\"@id\":\"https:\/\/www.invicta.fr\/fr\/2019\/08\/27\/le-design-democratique\/#primaryimage\",\"url\":\"https:\/\/www.invicta.fr\/wp-content\/uploads\/2019\/09\/plugin.jpg\",\"contentUrl\":\"https:\/\/www.invicta.fr\/wp-content\/uploads\/2019\/09\/plugin.jpg\",\"width\":1600,\"height\":900,\"caption\":\"Po\u00eale \u00e0 granul\u00e9s Invicta Ove Plug-IN\"},{\"@type\":\"BreadcrumbList\",\"@id\":\"https:\/\/www.invicta.fr\/fr\/2019\/08\/27\/le-design-democratique\/#breadcrumb\",\"itemListElement\":[{\"@type\":\"ListItem\",\"position\":1,\"name\":\"Accueil\",\"item\":\"https:\/\/www.invicta.fr\/fr\/\"},{\"@type\":\"ListItem\",\"position\":2,\"name\":\"Le Design pour tous\",\"item\":\"https:\/\/www.invicta.fr\/fr\/category\/le-design-pour-tous\/\"},{\"@type\":\"ListItem\",\"position\":3,\"name\":\"Le design d\u00e9mocratique\"}]},{\"@type\":\"WebSite\",\"@id\":\"https:\/\/www.invicta.fr\/fr\/#website\",\"url\":\"https:\/\/www.invicta.fr\/fr\/\",\"name\":\"Invicta\",\"description\":\"Fabricant fran\u00e7ais, sp\u00e9cialiste europ\u00e9en du chauffage au bois : po\u00eales \u00e0 bois et \u00e0 granul\u00e9s, chemin\u00e9es, foyers et inserts\",\"publisher\":{\"@id\":\"https:\/\/www.invicta.fr\/fr\/#organization\"},\"potentialAction\":[{\"@type\":\"SearchAction\",\"target\":{\"@type\":\"EntryPoint\",\"urlTemplate\":\"https:\/\/www.invicta.fr\/fr\/?s={search_term_string}\"},\"query-input\":{\"@type\":\"PropertyValueSpecification\",\"valueRequired\":true,\"valueName\":\"search_term_string\"}}],\"inLanguage\":\"fr-FR\"},{\"@type\":\"Organization\",\"@id\":\"https:\/\/www.invicta.fr\/fr\/#organization\",\"name\":\"Invicta\",\"url\":\"https:\/\/www.invicta.fr\/fr\/\",\"logo\":{\"@type\":\"ImageObject\",\"inLanguage\":\"fr-FR\",\"@id\":\"https:\/\/www.invicta.fr\/fr\/#\/schema\/logo\/image\/\",\"url\":\"https:\/\/www.invicta.fr\/wp-content\/uploads\/2019\/06\/INVICTALOGO_RVB.png\",\"contentUrl\":\"https:\/\/www.invicta.fr\/wp-content\/uploads\/2019\/06\/INVICTALOGO_RVB.png\",\"width\":1810,\"height\":1280,\"caption\":\"Invicta\"},\"image\":{\"@id\":\"https:\/\/www.invicta.fr\/fr\/#\/schema\/logo\/image\/\"}},{\"@type\":\"Person\",\"@id\":\"https:\/\/www.invicta.fr\/fr\/#\/schema\/person\/119046844ea476affd0fd9c352e5ab62\",\"name\":\"wpaxome\",\"image\":{\"@type\":\"ImageObject\",\"inLanguage\":\"fr-FR\",\"@id\":\"https:\/\/www.invicta.fr\/fr\/#\/schema\/person\/image\/\",\"url\":\"https:\/\/secure.gravatar.com\/avatar\/de042c05c2e4e656a3baebd24bc19a3d?s=96&d=mm&r=g\",\"contentUrl\":\"https:\/\/secure.gravatar.com\/avatar\/de042c05c2e4e656a3baebd24bc19a3d?s=96&d=mm&r=g\",\"caption\":\"wpaxome\"}}]}<\/script>\n<!-- \/ Yoast SEO plugin. -->","yoast_head_json":{"title":"Le design d\u00e9mocratique - Invicta","description":"On a tous droit au design Pour Invicta, le design n\u2019a de sens que s\u2019il est accessible au plus grand nombre. Il ne doit pas \u00eatre r\u00e9serv\u00e9 \u00e0 une \u00e9lite, mais","robots":{"index":"index","follow":"follow","max-snippet":"max-snippet:-1","max-image-preview":"max-image-preview:large","max-video-preview":"max-video-preview:-1"},"canonical":"https:\/\/www.invicta.fr\/fr\/2019\/08\/27\/le-design-democratique\/","og_locale":"fr_FR","og_type":"article","og_title":"Le design d\u00e9mocratique - Invicta","og_description":"On a tous droit au design Pour Invicta, le design n\u2019a de sens que s\u2019il est accessible au plus grand nombre. Il ne doit pas \u00eatre r\u00e9serv\u00e9 \u00e0 une \u00e9lite, mais","og_url":"https:\/\/www.invicta.fr\/fr\/2019\/08\/27\/le-design-democratique\/","og_site_name":"Invicta","article_published_time":"2019-08-27T14:37:03+00:00","article_modified_time":"2020-02-17T08:31:44+00:00","og_image":[{"width":1600,"height":900,"url":"https:\/\/www.invicta.fr\/wp-content\/uploads\/2019\/09\/plugin.jpg","type":"image\/jpeg"}],"author":"wpaxome","twitter_card":"summary_large_image","twitter_misc":{"\u00c9crit par":"wpaxome","Dur\u00e9e de lecture estim\u00e9e":"2 minutes"},"schema":{"@context":"https:\/\/schema.org","@graph":[{"@type":"Article","@id":"https:\/\/www.invicta.fr\/fr\/2019\/08\/27\/le-design-democratique\/#article","isPartOf":{"@id":"https:\/\/www.invicta.fr\/fr\/2019\/08\/27\/le-design-democratique\/"},"author":{"name":"wpaxome","@id":"https:\/\/www.invicta.fr\/fr\/#\/schema\/person\/119046844ea476affd0fd9c352e5ab62"},"headline":"Le design d\u00e9mocratique","datePublished":"2019-08-27T14:37:03+00:00","dateModified":"2020-02-17T08:31:44+00:00","mainEntityOfPage":{"@id":"https:\/\/www.invicta.fr\/fr\/2019\/08\/27\/le-design-democratique\/"},"wordCount":387,"publisher":{"@id":"https:\/\/www.invicta.fr\/fr\/#organization"},"image":{"@id":"https:\/\/www.invicta.fr\/fr\/2019\/08\/27\/le-design-democratique\/#primaryimage"},"thumbnailUrl":"https:\/\/www.invicta.fr\/wp-content\/uploads\/2019\/09\/plugin.jpg","articleSection":["Le Design pour tous"],"inLanguage":"fr-FR"},{"@type":"WebPage","@id":"https:\/\/www.invicta.fr\/fr\/2019\/08\/27\/le-design-democratique\/","url":"https:\/\/www.invicta.fr\/fr\/2019\/08\/27\/le-design-democratique\/","name":"Le design d\u00e9mocratique - Invicta","isPartOf":{"@id":"https:\/\/www.invicta.fr\/fr\/#website"},"primaryImageOfPage":{"@id":"https:\/\/www.invicta.fr\/fr\/2019\/08\/27\/le-design-democratique\/#primaryimage"},"image":{"@id":"https:\/\/www.invicta.fr\/fr\/2019\/08\/27\/le-design-democratique\/#primaryimage"},"thumbnailUrl":"https:\/\/www.invicta.fr\/wp-content\/uploads\/2019\/09\/plugin.jpg","datePublished":"2019-08-27T14:37:03+00:00","dateModified":"2020-02-17T08:31:44+00:00","description":"On a tous droit au design Pour Invicta, le design n\u2019a de sens que s\u2019il est accessible au plus grand nombre. Il ne doit pas \u00eatre r\u00e9serv\u00e9 \u00e0 une \u00e9lite, mais","breadcrumb":{"@id":"https:\/\/www.invicta.fr\/fr\/2019\/08\/27\/le-design-democratique\/#breadcrumb"},"inLanguage":"fr-FR","potentialAction":[{"@type":"ReadAction","target":["https:\/\/www.invicta.fr\/fr\/2019\/08\/27\/le-design-democratique\/"]}]},{"@type":"ImageObject","inLanguage":"fr-FR","@id":"https:\/\/www.invicta.fr\/fr\/2019\/08\/27\/le-design-democratique\/#primaryimage","url":"https:\/\/www.invicta.fr\/wp-content\/uploads\/2019\/09\/plugin.jpg","contentUrl":"https:\/\/www.invicta.fr\/wp-content\/uploads\/2019\/09\/plugin.jpg","width":1600,"height":900,"caption":"Po\u00eale \u00e0 granul\u00e9s Invicta Ove Plug-IN"},{"@type":"BreadcrumbList","@id":"https:\/\/www.invicta.fr\/fr\/2019\/08\/27\/le-design-democratique\/#breadcrumb","itemListElement":[{"@type":"ListItem","position":1,"name":"Accueil","item":"https:\/\/www.invicta.fr\/fr\/"},{"@type":"ListItem","position":2,"name":"Le Design pour tous","item":"https:\/\/www.invicta.fr\/fr\/category\/le-design-pour-tous\/"},{"@type":"ListItem","position":3,"name":"Le design d\u00e9mocratique"}]},{"@type":"WebSite","@id":"https:\/\/www.invicta.fr\/fr\/#website","url":"https:\/\/www.invicta.fr\/fr\/","name":"Invicta","description":"Fabricant fran\u00e7ais, sp\u00e9cialiste europ\u00e9en du chauffage au bois : po\u00eales \u00e0 bois et \u00e0 granul\u00e9s, chemin\u00e9es, foyers et inserts","publisher":{"@id":"https:\/\/www.invicta.fr\/fr\/#organization"},"potentialAction":[{"@type":"SearchAction","target":{"@type":"EntryPoint","urlTemplate":"https:\/\/www.invicta.fr\/fr\/?s={search_term_string}"},"query-input":{"@type":"PropertyValueSpecification","valueRequired":true,"valueName":"search_term_string"}}],"inLanguage":"fr-FR"},{"@type":"Organization","@id":"https:\/\/www.invicta.fr\/fr\/#organization","name":"Invicta","url":"https:\/\/www.invicta.fr\/fr\/","logo":{"@type":"ImageObject","inLanguage":"fr-FR","@id":"https:\/\/www.invicta.fr\/fr\/#\/schema\/logo\/image\/","url":"https:\/\/www.invicta.fr\/wp-content\/uploads\/2019\/06\/INVICTALOGO_RVB.png","contentUrl":"https:\/\/www.invicta.fr\/wp-content\/uploads\/2019\/06\/INVICTALOGO_RVB.png","width":1810,"height":1280,"caption":"Invicta"},"image":{"@id":"https:\/\/www.invicta.fr\/fr\/#\/schema\/logo\/image\/"}},{"@type":"Person","@id":"https:\/\/www.invicta.fr\/fr\/#\/schema\/person\/119046844ea476affd0fd9c352e5ab62","name":"wpaxome","image":{"@type":"ImageObject","inLanguage":"fr-FR","@id":"https:\/\/www.invicta.fr\/fr\/#\/schema\/person\/image\/","url":"https:\/\/secure.gravatar.com\/avatar\/de042c05c2e4e656a3baebd24bc19a3d?s=96&d=mm&r=g","contentUrl":"https:\/\/secure.gravatar.com\/avatar\/de042c05c2e4e656a3baebd24bc19a3d?s=96&d=mm&r=g","caption":"wpaxome"}}]}},"_links":{"self":[{"href":"https:\/\/www.invicta.fr\/fr\/wp-json\/wp\/v2\/posts\/2012","targetHints":{"allow":["GET"]}}],"collection":[{"href":"https:\/\/www.invicta.fr\/fr\/wp-json\/wp\/v2\/posts"}],"about":[{"href":"https:\/\/www.invicta.fr\/fr\/wp-json\/wp\/v2\/types\/post"}],"author":[{"embeddable":true,"href":"https:\/\/www.invicta.fr\/fr\/wp-json\/wp\/v2\/users\/225"}],"replies":[{"embeddable":true,"href":"https:\/\/www.invicta.fr\/fr\/wp-json\/wp\/v2\/comments?post=2012"}],"version-history":[{"count":0,"href":"https:\/\/www.invicta.fr\/fr\/wp-json\/wp\/v2\/posts\/2012\/revisions"}],"wp:featuredmedia":[{"embeddable":true,"href":"https:\/\/www.invicta.fr\/fr\/wp-json\/wp\/v2\/media\/19605"}],"wp:attachment":[{"href":"https:\/\/www.invicta.fr\/fr\/wp-json\/wp\/v2\/media?parent=2012"}],"wp:term":[{"taxonomy":"category","embeddable":true,"href":"https:\/\/www.invicta.fr\/fr\/wp-json\/wp\/v2\/categories?post=2012"},{"taxonomy":"post_tag","embeddable":true,"href":"https:\/\/www.invicta.fr\/fr\/wp-json\/wp\/v2\/tags?post=2012"}],"curies":[{"name":"wp","href":"https:\/\/api.w.org\/{rel}","templated":true}]}}